{"id":813,"date":"2021-01-11T12:23:55","date_gmt":"2021-01-11T11:23:55","guid":{"rendered":"https:\/\/unijaveterana.ba\/?p=813"},"modified":"2021-01-25T12:39:16","modified_gmt":"2021-01-25T11:39:16","slug":"obiljezavanje-godisnjice-smrti-general-majora-huseina-tursunovica","status":"publish","type":"post","link":"https:\/\/unijaveterana.ba\/?p=813","title":{"rendered":"Obilje\u017eavanje godi\u0161njice smrti general majora Huseina Tursunovi\u0107a"},"content":{"rendered":"<p>Dana 08.01.2021. godine delegacija JOB-a Kantona Sarajevo zajedno&nbsp; sa Ministrom Omerom Osmanovi\u0107em i \u010dlanovima Koordinacionog odbora bora\u010dkih organizacija KS, polo\u017eila je cvije\u0107e u haremu Alipa\u0161ine d\u017eamije na mezar rahmetli general majora Huseina Tursunovi\u0107a.<\/p>\n<p>&#8220;U martu 1992. godine se Husein Tursunovi\u0107&nbsp; priklju\u010duje se Armiji Republike Bosne i Hercegovine. Ratni put, kao komandanta &#8216;Crnih labudova&#8217;, doveo ga je i u Fojnicu, gdje je jedno vrijeme sa svojom jedinicom bio stacioniran u blizini ovog bosanskog gradi\u0107a&#8221;. Nakon odbrane ovog grada, svoj put nastavlja u Kaknju i drugim gradovima, a 1995. godine postavljen je za komandanta 145. lahke brigade koja je formirana u Fojnici.<\/p>\n<p>&#8220;Uvijek je bio spreman pomo\u0107i ljudima, kako u ratu tako i u miru&#8221;, poru\u010dili su njegovi saborci danas.<\/p>\n<p>no images were found<\/p>\n\n<p>&nbsp;<\/p>\n","protected":false},"excerpt":{"rendered":"<p>Dana 08.01.2021. godine delegacija JOB-a Kantona Sarajevo zajedno&nbsp; sa Ministrom Omerom Osmanovi\u0107em i \u010dlanovima Koordinacionog odbora bora\u010dkih organizacija KS, polo\u017eila je cvije\u0107e u haremu Alipa\u0161ine d\u017eamije na mezar rahmetli general majora Huseina Tursunovi\u0107a. &#8220;U martu 1992. godine se Husein Tursunovi\u0107&nbsp; priklju\u010duje se Armiji Republike Bosne i Hercegovine. Ratni put, kao komandanta &#8216;Crnih labudova&#8217;, doveo ga [&hellip;]<\/p>\n","protected":false},"author":1,"featured_media":0,"comment_status":"closed","ping_status":"closed","sticky":false,"template":"","format":"standard","meta":{"ngg_post_thumbnail":0},"categories":[16],"tags":[],"_links":{"self":[{"href":"https:\/\/unijaveterana.ba\/index.php?rest_route=\/wp\/v2\/posts\/813"}],"collection":[{"href":"https:\/\/unijaveterana.ba\/index.php?rest_route=\/wp\/v2\/posts"}],"about":[{"href":"https:\/\/unijaveterana.ba\/index.php?rest_route=\/wp\/v2\/types\/post"}],"author":[{"embeddable":true,"href":"https:\/\/unijaveterana.ba\/index.php?rest_route=\/wp\/v2\/users\/1"}],"replies":[{"embeddable":true,"href":"https:\/\/unijaveterana.ba\/index.php?rest_route=%2Fwp%2Fv2%2Fcomments&post=813"}],"version-history":[{"count":3,"href":"https:\/\/unijaveterana.ba\/index.php?rest_route=\/wp\/v2\/posts\/813\/revisions"}],"predecessor-version":[{"id":820,"href":"https:\/\/unijaveterana.ba\/index.php?rest_route=\/wp\/v2\/posts\/813\/revisions\/820"}],"wp:attachment":[{"href":"https:\/\/unijaveterana.ba\/index.php?rest_route=%2Fwp%2Fv2%2Fmedia&parent=813"}],"wp:term":[{"taxonomy":"category","embeddable":true,"href":"https:\/\/unijaveterana.ba\/index.php?rest_route=%2Fwp%2Fv2%2Fcategories&post=813"},{"taxonomy":"post_tag","embeddable":true,"href":"https:\/\/unijaveterana.ba\/index.php?rest_route=%2Fwp%2Fv2%2Ftags&post=813"}],"curies":[{"name":"wp","href":"https:\/\/api.w.org\/{rel}","templated":true}]}}