{"id":793,"date":"2020-11-25T12:29:40","date_gmt":"2020-11-25T11:29:40","guid":{"rendered":"https:\/\/unijaveterana.ba\/?p=793"},"modified":"2021-01-18T12:42:18","modified_gmt":"2021-01-18T11:42:18","slug":"793","status":"publish","type":"post","link":"https:\/\/unijaveterana.ba\/?p=793","title":{"rendered":"25. Novembar &#8220;Dan dr\u017eavnosti&#8221;"},"content":{"rendered":"<p>Obilje\u017eavanje 25. novembra &#8220;Dana dr\u017eavnosti Bosne i Hercegovine&#8221;<\/p>\n<p>Povodom obilje\u017eavanja Dana dr\u017eavnosti 25. novembra delegacije svih nivoa vlasti polo\u017eile su cvije\u0107e i odale po\u010dast<\/p>\n<p>na spomen obilje\u017eju &#8220;Vje\u010dna vatra&#8221;,&nbsp; \u0161ehidsko mezarje Kova\u010di i na mezar Prvog predsjednika RBiH Alije Izetbegovi\u0107a, na Spomen obilje\u017eje ubijenoj djeci opkoljenog Sarajeva i na Spomen park &#8220;Vraca&#8221;.&nbsp;<\/p>\n<p>&nbsp;<\/p>\n","protected":false},"excerpt":{"rendered":"<p>Obilje\u017eavanje 25. novembra &#8220;Dana dr\u017eavnosti Bosne i Hercegovine&#8221; Povodom obilje\u017eavanja Dana dr\u017eavnosti 25. novembra delegacije svih nivoa vlasti polo\u017eile su cvije\u0107e i odale po\u010dast na spomen obilje\u017eju &#8220;Vje\u010dna vatra&#8221;,&nbsp; \u0161ehidsko mezarje Kova\u010di i na mezar Prvog predsjednika RBiH Alije Izetbegovi\u0107a, na Spomen obilje\u017eje ubijenoj djeci opkoljenog Sarajeva i na Spomen park &#8220;Vraca&#8221;.&nbsp; &nbsp;<\/p>\n","protected":false},"author":1,"featured_media":0,"comment_status":"closed","ping_status":"closed","sticky":false,"template":"","format":"standard","meta":{"ngg_post_thumbnail":0},"categories":[14],"tags":[],"_links":{"self":[{"href":"https:\/\/unijaveterana.ba\/index.php?rest_route=\/wp\/v2\/posts\/793"}],"collection":[{"href":"https:\/\/unijaveterana.ba\/index.php?rest_route=\/wp\/v2\/posts"}],"about":[{"href":"https:\/\/unijaveterana.ba\/index.php?rest_route=\/wp\/v2\/types\/post"}],"author":[{"embeddable":true,"href":"https:\/\/unijaveterana.ba\/index.php?rest_route=\/wp\/v2\/users\/1"}],"replies":[{"embeddable":true,"href":"https:\/\/unijaveterana.ba\/index.php?rest_route=%2Fwp%2Fv2%2Fcomments&post=793"}],"version-history":[{"count":2,"href":"https:\/\/unijaveterana.ba\/index.php?rest_route=\/wp\/v2\/posts\/793\/revisions"}],"predecessor-version":[{"id":797,"href":"https:\/\/unijaveterana.ba\/index.php?rest_route=\/wp\/v2\/posts\/793\/revisions\/797"}],"wp:attachment":[{"href":"https:\/\/unijaveterana.ba\/index.php?rest_route=%2Fwp%2Fv2%2Fmedia&parent=793"}],"wp:term":[{"taxonomy":"category","embeddable":true,"href":"https:\/\/unijaveterana.ba\/index.php?rest_route=%2Fwp%2Fv2%2Fcategories&post=793"},{"taxonomy":"post_tag","embeddable":true,"href":"https:\/\/unijaveterana.ba\/index.php?rest_route=%2Fwp%2Fv2%2Ftags&post=793"}],"curies":[{"name":"wp","href":"https:\/\/api.w.org\/{rel}","templated":true}]}}