{"id":1585,"date":"2026-04-23T10:02:46","date_gmt":"2026-04-23T09:02:46","guid":{"rendered":"https:\/\/unijaveterana.ba\/?p=1585"},"modified":"2026-04-30T10:12:20","modified_gmt":"2026-04-30T09:12:20","slug":"redovna-izvjestajna-skupstina-job-a","status":"publish","type":"post","link":"https:\/\/unijaveterana.ba\/?p=1585","title":{"rendered":"Redovna izvje\u0161tajna skup\u0161tina JOB-a"},"content":{"rendered":"<p><!-- default-view.php -->\n<div\n\tclass=\"ngg-galleryoverview default-view \"\n\tid=\"ngg-gallery-60f16915f88cf8809a61c9987bf83d6b-1\">\n\n\t\t<!-- Thumbnails -->\n\t\t\t\t<div id=\"ngg-image-0\" class=\"ngg-gallery-thumbnail-box \" >\n\t\t\t\t        <div class=\"ngg-gallery-thumbnail\">\n            <a href=\"https:\/\/unijaveterana.ba\/wp-content\/gallery\/izvjestajna-skupstina-2026\/5.jpg\"\n               title=\"\"\n               data-src=\"https:\/\/unijaveterana.ba\/wp-content\/gallery\/izvjestajna-skupstina-2026\/5.jpg\"\n               data-thumbnail=\"https:\/\/unijaveterana.ba\/wp-content\/gallery\/izvjestajna-skupstina-2026\/thumbs\/thumbs_5.jpg\"\n               data-image-id=\"447\"\n               data-title=\"5\"\n               data-description=\"\"\n               data-image-slug=\"5-5\"\n               class=\"ngg-simplelightbox\" rel=\"60f16915f88cf8809a61c9987bf83d6b\">\n                <img\n                    title=\"5\"\n                    alt=\"5\"\n                    src=\"https:\/\/unijaveterana.ba\/wp-content\/gallery\/izvjestajna-skupstina-2026\/thumbs\/thumbs_5.jpg\"\n                    width=\"240\"\n                    height=\"160\"\n                    style=\"max-width:100%;\"\n                \/>\n            <\/a>\n        <\/div>\n\t\t\t\t\t\t\t<\/div> \n\t\t\t\n\t\t\t\t<div id=\"ngg-image-1\" class=\"ngg-gallery-thumbnail-box \" >\n\t\t\t\t        <div class=\"ngg-gallery-thumbnail\">\n            <a href=\"https:\/\/unijaveterana.ba\/wp-content\/gallery\/izvjestajna-skupstina-2026\/1.jpg\"\n               title=\"\"\n               data-src=\"https:\/\/unijaveterana.ba\/wp-content\/gallery\/izvjestajna-skupstina-2026\/1.jpg\"\n               data-thumbnail=\"https:\/\/unijaveterana.ba\/wp-content\/gallery\/izvjestajna-skupstina-2026\/thumbs\/thumbs_1.jpg\"\n               data-image-id=\"448\"\n               data-title=\"1\"\n               data-description=\"\"\n               data-image-slug=\"1-8\"\n               class=\"ngg-simplelightbox\" rel=\"60f16915f88cf8809a61c9987bf83d6b\">\n                <img\n                    title=\"1\"\n                    alt=\"1\"\n                    src=\"https:\/\/unijaveterana.ba\/wp-content\/gallery\/izvjestajna-skupstina-2026\/thumbs\/thumbs_1.jpg\"\n                    width=\"240\"\n                    height=\"160\"\n                    style=\"max-width:100%;\"\n                \/>\n            <\/a>\n        <\/div>\n\t\t\t\t\t\t\t<\/div> \n\t\t\t\n\t\t\t\t<div id=\"ngg-image-2\" class=\"ngg-gallery-thumbnail-box \" >\n\t\t\t\t        <div class=\"ngg-gallery-thumbnail\">\n            <a href=\"https:\/\/unijaveterana.ba\/wp-content\/gallery\/izvjestajna-skupstina-2026\/2.jpg\"\n               title=\"\"\n               data-src=\"https:\/\/unijaveterana.ba\/wp-content\/gallery\/izvjestajna-skupstina-2026\/2.jpg\"\n               data-thumbnail=\"https:\/\/unijaveterana.ba\/wp-content\/gallery\/izvjestajna-skupstina-2026\/thumbs\/thumbs_2.jpg\"\n               data-image-id=\"449\"\n               data-title=\"2\"\n               data-description=\"\"\n               data-image-slug=\"2-9\"\n               class=\"ngg-simplelightbox\" rel=\"60f16915f88cf8809a61c9987bf83d6b\">\n                <img\n                    title=\"2\"\n                    alt=\"2\"\n                    src=\"https:\/\/unijaveterana.ba\/wp-content\/gallery\/izvjestajna-skupstina-2026\/thumbs\/thumbs_2.jpg\"\n                    width=\"240\"\n                    height=\"160\"\n                    style=\"max-width:100%;\"\n                \/>\n            <\/a>\n        <\/div>\n\t\t\t\t\t\t\t<\/div> \n\t\t\t\n\t\t\t\t<div id=\"ngg-image-3\" class=\"ngg-gallery-thumbnail-box \" >\n\t\t\t\t        <div class=\"ngg-gallery-thumbnail\">\n            <a href=\"https:\/\/unijaveterana.ba\/wp-content\/gallery\/izvjestajna-skupstina-2026\/6.jpg\"\n               title=\"\"\n               data-src=\"https:\/\/unijaveterana.ba\/wp-content\/gallery\/izvjestajna-skupstina-2026\/6.jpg\"\n               data-thumbnail=\"https:\/\/unijaveterana.ba\/wp-content\/gallery\/izvjestajna-skupstina-2026\/thumbs\/thumbs_6.jpg\"\n               data-image-id=\"450\"\n               data-title=\"6\"\n               data-description=\"\"\n               data-image-slug=\"6-2\"\n               class=\"ngg-simplelightbox\" rel=\"60f16915f88cf8809a61c9987bf83d6b\">\n                <img\n                    title=\"6\"\n                    alt=\"6\"\n                    src=\"https:\/\/unijaveterana.ba\/wp-content\/gallery\/izvjestajna-skupstina-2026\/thumbs\/thumbs_6.jpg\"\n                    width=\"240\"\n                    height=\"160\"\n                    style=\"max-width:100%;\"\n                \/>\n            <\/a>\n        <\/div>\n\t\t\t\t\t\t\t<\/div> \n\t\t\t\n\t\t\t\t<div id=\"ngg-image-4\" class=\"ngg-gallery-thumbnail-box \" >\n\t\t\t\t        <div class=\"ngg-gallery-thumbnail\">\n            <a href=\"https:\/\/unijaveterana.ba\/wp-content\/gallery\/izvjestajna-skupstina-2026\/4.jpg\"\n               title=\"\"\n               data-src=\"https:\/\/unijaveterana.ba\/wp-content\/gallery\/izvjestajna-skupstina-2026\/4.jpg\"\n               data-thumbnail=\"https:\/\/unijaveterana.ba\/wp-content\/gallery\/izvjestajna-skupstina-2026\/thumbs\/thumbs_4.jpg\"\n               data-image-id=\"451\"\n               data-title=\"4\"\n               data-description=\"\"\n               data-image-slug=\"4-6\"\n               class=\"ngg-simplelightbox\" rel=\"60f16915f88cf8809a61c9987bf83d6b\">\n                <img\n                    title=\"4\"\n                    alt=\"4\"\n                    src=\"https:\/\/unijaveterana.ba\/wp-content\/gallery\/izvjestajna-skupstina-2026\/thumbs\/thumbs_4.jpg\"\n                    width=\"240\"\n                    height=\"160\"\n                    style=\"max-width:100%;\"\n                \/>\n            <\/a>\n        <\/div>\n\t\t\t\t\t\t\t<\/div> \n\t\t\t\n\t\t\t\t<div id=\"ngg-image-5\" class=\"ngg-gallery-thumbnail-box \" >\n\t\t\t\t        <div class=\"ngg-gallery-thumbnail\">\n            <a href=\"https:\/\/unijaveterana.ba\/wp-content\/gallery\/izvjestajna-skupstina-2026\/3.jpg\"\n               title=\"\"\n               data-src=\"https:\/\/unijaveterana.ba\/wp-content\/gallery\/izvjestajna-skupstina-2026\/3.jpg\"\n               data-thumbnail=\"https:\/\/unijaveterana.ba\/wp-content\/gallery\/izvjestajna-skupstina-2026\/thumbs\/thumbs_3.jpg\"\n               data-image-id=\"452\"\n               data-title=\"3\"\n               data-description=\"\"\n               data-image-slug=\"3-8\"\n               class=\"ngg-simplelightbox\" rel=\"60f16915f88cf8809a61c9987bf83d6b\">\n                <img\n                    title=\"3\"\n                    alt=\"3\"\n                    src=\"https:\/\/unijaveterana.ba\/wp-content\/gallery\/izvjestajna-skupstina-2026\/thumbs\/thumbs_3.jpg\"\n                    width=\"240\"\n                    height=\"160\"\n                    style=\"max-width:100%;\"\n                \/>\n            <\/a>\n        <\/div>\n\t\t\t\t\t\t\t<\/div> \n\t\t\t\n\t\n\t<br style=\"clear: both\" \/>\n\n\t\n\t\t<!-- Pagination -->\n\t<div class='ngg-clear'><\/div>\t<\/div>\nDana 22.04.2026. godine odr\u017eana je redovna Izvje\u0161tajna skup\u0161tina JOB-a &#8220;Unije veterana&#8221; Kanton Srajevo na kojoj je prezentiran rad ove bora\u010dke organizacije za proteklu 2025. godinu, kao i prva \u010detiri mjeseca 2026. godine.<\/p>\n<p>Na skup\u0161tini su razmatrani i jednoglasno usvojeni:<\/p>\n<ul>\n<li>Izvje\u0161taj o radu za proteklu 2025. godinu;<\/li>\n<li>Izvje\u0161taj Nadzornog odbora,<\/li>\n<li>Izvje\u0161taj Suda \u010dasti<\/li>\n<li>Narativni Izvje\u0161taj o radu Upravnog odbora i drugih organa JOB-a za 2025.godinu,<\/li>\n<li>Finansijski izvje\u0161taj sa ostvarenim prihodima, rashodima i obuhvatom realizovanih projekata za period 01.01. \u2013 31.12.2025.<\/li>\n<li>Bilans stanja i uspjeha na dana 31.12.2025. godine,<\/li>\n<\/ul>\n","protected":false},"excerpt":{"rendered":"<p>Dana 22.04.2026. godine odr\u017eana je redovna Izvje\u0161tajna skup\u0161tina JOB-a &#8220;Unije veterana&#8221; Kanton Srajevo na kojoj je prezentiran rad ove bora\u010dke organizacije za proteklu 2025. godinu, kao i prva \u010detiri mjeseca 2026. godine. Na skup\u0161tini su razmatrani i jednoglasno usvojeni: Izvje\u0161taj o radu za proteklu 2025. godinu; Izvje\u0161taj Nadzornog odbora, Izvje\u0161taj Suda \u010dasti Narativni Izvje\u0161taj o [&hellip;]<\/p>\n","protected":false},"author":1,"featured_media":0,"comment_status":"closed","ping_status":"closed","sticky":false,"template":"","format":"standard","meta":{"ngg_post_thumbnail":0},"categories":[8],"tags":[],"_links":{"self":[{"href":"https:\/\/unijaveterana.ba\/index.php?rest_route=\/wp\/v2\/posts\/1585"}],"collection":[{"href":"https:\/\/unijaveterana.ba\/index.php?rest_route=\/wp\/v2\/posts"}],"about":[{"href":"https:\/\/unijaveterana.ba\/index.php?rest_route=\/wp\/v2\/types\/post"}],"author":[{"embeddable":true,"href":"https:\/\/unijaveterana.ba\/index.php?rest_route=\/wp\/v2\/users\/1"}],"replies":[{"embeddable":true,"href":"https:\/\/unijaveterana.ba\/index.php?rest_route=%2Fwp%2Fv2%2Fcomments&post=1585"}],"version-history":[{"count":2,"href":"https:\/\/unijaveterana.ba\/index.php?rest_route=\/wp\/v2\/posts\/1585\/revisions"}],"predecessor-version":[{"id":1595,"href":"https:\/\/unijaveterana.ba\/index.php?rest_route=\/wp\/v2\/posts\/1585\/revisions\/1595"}],"wp:attachment":[{"href":"https:\/\/unijaveterana.ba\/index.php?rest_route=%2Fwp%2Fv2%2Fmedia&parent=1585"}],"wp:term":[{"taxonomy":"category","embeddable":true,"href":"https:\/\/unijaveterana.ba\/index.php?rest_route=%2Fwp%2Fv2%2Fcategories&post=1585"},{"taxonomy":"post_tag","embeddable":true,"href":"https:\/\/unijaveterana.ba\/index.php?rest_route=%2Fwp%2Fv2%2Ftags&post=1585"}],"curies":[{"name":"wp","href":"https:\/\/api.w.org\/{rel}","templated":true}]}}