{"id":1041,"date":"2021-11-23T11:12:56","date_gmt":"2021-11-23T10:12:56","guid":{"rendered":"https:\/\/unijaveterana.ba\/?p=1041"},"modified":"2021-12-01T09:50:38","modified_gmt":"2021-12-01T08:50:38","slug":"obiljezavanje-dana-veterana-opcine-novi-grad","status":"publish","type":"post","link":"https:\/\/unijaveterana.ba\/?p=1041","title":{"rendered":"Obilje\u017eavanje &#8220;Dana Veterana&#8221; op\u0107ine Novi Grad"},"content":{"rendered":"<p>U organizaciji Jedinstvene organizacije boraca &#8220;Unija Veterana&#8221; Op\u0107ine Novi Grad dana 19.11.2021. godine organizovana je sve\u010dana akademija povodom obilje\u017eavanja godi\u0161njice &#8220;Dana Veterana&#8221; op\u0107ine Novi Grad sa prigodnim umjetni\u010dkim programom. Ovom prilikom delegacija JOB-a polo\u017eila je cvije\u0107e na centralno spomen obilje\u017eje ispred op\u0107ine Novi Grad i odala po\u010dast \u0161ehidima i poginulim borcima. Tako\u0111e dodijeljene su Plakete i Zahvalnice zaslu\u017enim \u010dlanovima i aktivistima JOB-a &#8220;Unije Veterana&#8221;.<\/p>\n<p><strong>Plakete<\/strong> su dobili sljede\u0107i \u010dlanovi za izuzetan doprinos u radu JOB-a: \u0160ljevi\u0107 Anela, Bogu\u010danin Safet, \u0106osovi\u0107 Nejra,&nbsp; \u010celjo Esad, Zeba Mustafa,&nbsp; Karkelja Muhamed,&nbsp; Grama\u010derij Mustafa, Omerba\u0161i\u0107 Red\u017eep, Efendi\u0107 Hedija i posthumno su dodijeljene Plakete&nbsp; Ni\u0161i\u0107 \u0160a\u0107iru, \u0160kulj Izetu&nbsp; i Sejdinovi\u0107 Mehmedu.&nbsp;<\/p>\n<p><strong>Zahvalnice <\/strong>su dobili sljede\u0107i \u010dlanovi: Gluhi\u0107 Hilmo, He\u0107o Esad, Bibezi\u0107 Said i Novi\u010di\u0107 Nada.<\/p>\n<!-- default-view.php -->\n<div\n\tclass=\"ngg-galleryoverview default-view \"\n\tid=\"ngg-gallery-15e0b09afb237cb0c79bc5fb52c12e46-1\">\n\n\t\t<!-- Thumbnails -->\n\t\t\t\t<div id=\"ngg-image-0\" class=\"ngg-gallery-thumbnail-box \" >\n\t\t\t\t        <div class=\"ngg-gallery-thumbnail\">\n            <a href=\"https:\/\/unijaveterana.ba\/wp-content\/gallery\/dan-veterana-novi-grad\/2.jpg\"\n               title=\"\"\n               data-src=\"https:\/\/unijaveterana.ba\/wp-content\/gallery\/dan-veterana-novi-grad\/2.jpg\"\n               data-thumbnail=\"https:\/\/unijaveterana.ba\/wp-content\/gallery\/dan-veterana-novi-grad\/thumbs\/thumbs_2.jpg\"\n               data-image-id=\"224\"\n               data-title=\"2\"\n               data-description=\"\"\n               data-image-slug=\"2-1\"\n               class=\"ngg-simplelightbox\" rel=\"15e0b09afb237cb0c79bc5fb52c12e46\">\n                <img\n                    title=\"2\"\n                    alt=\"2\"\n                    src=\"https:\/\/unijaveterana.ba\/wp-content\/gallery\/dan-veterana-novi-grad\/thumbs\/thumbs_2.jpg\"\n                    width=\"240\"\n                    height=\"160\"\n                    style=\"max-width:100%;\"\n                \/>\n            <\/a>\n        <\/div>\n\t\t\t\t\t\t\t<\/div> \n\t\t\t\n\t\t\t\t<div id=\"ngg-image-1\" class=\"ngg-gallery-thumbnail-box \" >\n\t\t\t\t        <div class=\"ngg-gallery-thumbnail\">\n            <a href=\"https:\/\/unijaveterana.ba\/wp-content\/gallery\/dan-veterana-novi-grad\/3.jpg\"\n               title=\"\"\n               data-src=\"https:\/\/unijaveterana.ba\/wp-content\/gallery\/dan-veterana-novi-grad\/3.jpg\"\n               data-thumbnail=\"https:\/\/unijaveterana.ba\/wp-content\/gallery\/dan-veterana-novi-grad\/thumbs\/thumbs_3.jpg\"\n               data-image-id=\"225\"\n               data-title=\"3\"\n               data-description=\"\"\n               data-image-slug=\"3-1\"\n               class=\"ngg-simplelightbox\" rel=\"15e0b09afb237cb0c79bc5fb52c12e46\">\n                <img\n                    title=\"3\"\n                    alt=\"3\"\n                    src=\"https:\/\/unijaveterana.ba\/wp-content\/gallery\/dan-veterana-novi-grad\/thumbs\/thumbs_3.jpg\"\n                    width=\"240\"\n                    height=\"160\"\n                    style=\"max-width:100%;\"\n                \/>\n            <\/a>\n        <\/div>\n\t\t\t\t\t\t\t<\/div> \n\t\t\t\n\t\t\t\t<div id=\"ngg-image-2\" class=\"ngg-gallery-thumbnail-box \" >\n\t\t\t\t        <div class=\"ngg-gallery-thumbnail\">\n            <a href=\"https:\/\/unijaveterana.ba\/wp-content\/gallery\/dan-veterana-novi-grad\/1.jpg\"\n               title=\"\"\n               data-src=\"https:\/\/unijaveterana.ba\/wp-content\/gallery\/dan-veterana-novi-grad\/1.jpg\"\n               data-thumbnail=\"https:\/\/unijaveterana.ba\/wp-content\/gallery\/dan-veterana-novi-grad\/thumbs\/thumbs_1.jpg\"\n               data-image-id=\"226\"\n               data-title=\"1\"\n               data-description=\"\"\n               data-image-slug=\"1-1\"\n               class=\"ngg-simplelightbox\" rel=\"15e0b09afb237cb0c79bc5fb52c12e46\">\n                <img\n                    title=\"1\"\n                    alt=\"1\"\n                    src=\"https:\/\/unijaveterana.ba\/wp-content\/gallery\/dan-veterana-novi-grad\/thumbs\/thumbs_1.jpg\"\n                    width=\"240\"\n                    height=\"160\"\n                    style=\"max-width:100%;\"\n                \/>\n            <\/a>\n        <\/div>\n\t\t\t\t\t\t\t<\/div> \n\t\t\t\n\t\t\t\t<div id=\"ngg-image-3\" class=\"ngg-gallery-thumbnail-box \" >\n\t\t\t\t        <div class=\"ngg-gallery-thumbnail\">\n            <a href=\"https:\/\/unijaveterana.ba\/wp-content\/gallery\/dan-veterana-novi-grad\/4.jpg\"\n               title=\"\"\n               data-src=\"https:\/\/unijaveterana.ba\/wp-content\/gallery\/dan-veterana-novi-grad\/4.jpg\"\n               data-thumbnail=\"https:\/\/unijaveterana.ba\/wp-content\/gallery\/dan-veterana-novi-grad\/thumbs\/thumbs_4.jpg\"\n               data-image-id=\"227\"\n               data-title=\"4\"\n               data-description=\"\"\n               data-image-slug=\"4-1\"\n               class=\"ngg-simplelightbox\" rel=\"15e0b09afb237cb0c79bc5fb52c12e46\">\n                <img\n                    title=\"4\"\n                    alt=\"4\"\n                    src=\"https:\/\/unijaveterana.ba\/wp-content\/gallery\/dan-veterana-novi-grad\/thumbs\/thumbs_4.jpg\"\n                    width=\"240\"\n                    height=\"160\"\n                    style=\"max-width:100%;\"\n                \/>\n            <\/a>\n        <\/div>\n\t\t\t\t\t\t\t<\/div> \n\t\t\t\n\t\t\t\t<div id=\"ngg-image-4\" class=\"ngg-gallery-thumbnail-box \" >\n\t\t\t\t        <div class=\"ngg-gallery-thumbnail\">\n            <a href=\"https:\/\/unijaveterana.ba\/wp-content\/gallery\/dan-veterana-novi-grad\/5.jpg\"\n               title=\"\"\n               data-src=\"https:\/\/unijaveterana.ba\/wp-content\/gallery\/dan-veterana-novi-grad\/5.jpg\"\n               data-thumbnail=\"https:\/\/unijaveterana.ba\/wp-content\/gallery\/dan-veterana-novi-grad\/thumbs\/thumbs_5.jpg\"\n               data-image-id=\"228\"\n               data-title=\"5\"\n               data-description=\"\"\n               data-image-slug=\"5-1\"\n               class=\"ngg-simplelightbox\" rel=\"15e0b09afb237cb0c79bc5fb52c12e46\">\n                <img\n                    title=\"5\"\n                    alt=\"5\"\n                    src=\"https:\/\/unijaveterana.ba\/wp-content\/gallery\/dan-veterana-novi-grad\/thumbs\/thumbs_5.jpg\"\n                    width=\"240\"\n                    height=\"160\"\n                    style=\"max-width:100%;\"\n                \/>\n            <\/a>\n        <\/div>\n\t\t\t\t\t\t\t<\/div> \n\t\t\t\n\t\n\t<br style=\"clear: both\" \/>\n\n\t\n\t\t<!-- Pagination -->\n\t<div class='ngg-clear'><\/div>\t<\/div>\n\n","protected":false},"excerpt":{"rendered":"<p>U organizaciji Jedinstvene organizacije boraca &#8220;Unija Veterana&#8221; Op\u0107ine Novi Grad dana 19.11.2021. godine organizovana je sve\u010dana akademija povodom obilje\u017eavanja godi\u0161njice &#8220;Dana Veterana&#8221; op\u0107ine Novi Grad sa prigodnim umjetni\u010dkim programom. Ovom prilikom delegacija JOB-a polo\u017eila je cvije\u0107e na centralno spomen obilje\u017eje ispred op\u0107ine Novi Grad i odala po\u010dast \u0161ehidima i poginulim borcima. Tako\u0111e dodijeljene su Plakete [&hellip;]<\/p>\n","protected":false},"author":1,"featured_media":0,"comment_status":"closed","ping_status":"closed","sticky":false,"template":"","format":"standard","meta":{"ngg_post_thumbnail":0},"categories":[14],"tags":[],"_links":{"self":[{"href":"https:\/\/unijaveterana.ba\/index.php?rest_route=\/wp\/v2\/posts\/1041"}],"collection":[{"href":"https:\/\/unijaveterana.ba\/index.php?rest_route=\/wp\/v2\/posts"}],"about":[{"href":"https:\/\/unijaveterana.ba\/index.php?rest_route=\/wp\/v2\/types\/post"}],"author":[{"embeddable":true,"href":"https:\/\/unijaveterana.ba\/index.php?rest_route=\/wp\/v2\/users\/1"}],"replies":[{"embeddable":true,"href":"https:\/\/unijaveterana.ba\/index.php?rest_route=%2Fwp%2Fv2%2Fcomments&post=1041"}],"version-history":[{"count":1,"href":"https:\/\/unijaveterana.ba\/index.php?rest_route=\/wp\/v2\/posts\/1041\/revisions"}],"predecessor-version":[{"id":1048,"href":"https:\/\/unijaveterana.ba\/index.php?rest_route=\/wp\/v2\/posts\/1041\/revisions\/1048"}],"wp:attachment":[{"href":"https:\/\/unijaveterana.ba\/index.php?rest_route=%2Fwp%2Fv2%2Fmedia&parent=1041"}],"wp:term":[{"taxonomy":"category","embeddable":true,"href":"https:\/\/unijaveterana.ba\/index.php?rest_route=%2Fwp%2Fv2%2Fcategories&post=1041"},{"taxonomy":"post_tag","embeddable":true,"href":"https:\/\/unijaveterana.ba\/index.php?rest_route=%2Fwp%2Fv2%2Ftags&post=1041"}],"curies":[{"name":"wp","href":"https:\/\/api.w.org\/{rel}","templated":true}]}}